{"id":1104,"date":"2023-02-24T19:59:00","date_gmt":"2023-02-24T18:59:00","guid":{"rendered":"https:\/\/stvauw.ch\/dr\/?p=1104"},"modified":"2024-09-16T09:35:18","modified_gmt":"2024-09-16T07:35:18","slug":"generalversammlung-2022","status":"publish","type":"post","link":"https:\/\/stvauw.ch\/dr\/2023\/02\/24\/generalversammlung-2022\/","title":{"rendered":"Generalversammlung"},"content":{"rendered":"<p>[et_pb_section fb_built=&#187;1&#8243; _builder_version=&#187;3.19.18&#8243;][et_pb_row make_fullwidth=&#187;on&#187; custom_padding=&#187;27px|0px|27px|0px|false|false&#187; _builder_version=&#187;3.19.18&#8243;][et_pb_column type=&#187;4_4&#8243; _builder_version=&#187;3.19.18&#8243;][et_pb_text _builder_version=&#187;3.19.18&#8243;]<\/p>\n<div class=\"et_pb_module et_pb_text et_pb_text_0 et_pb_bg_layout_light  et_pb_text_align_left\">\n<div class=\"et_pb_text_inner\">\n<p style=\"text-align: justify\"><strong>Generalversammlung der Damenriege BliibFit Auw<\/strong><\/p>\n<p style=\"text-align: justify\">Nach einem sehr feinen Znacht im Restaurant Hirschen Auw, er\u00f6ffnete die Pr\u00e4sidentin Evelyne K\u00f6lsch die 66. Generalversammlung der Damenriege BliibFit am Freitag 24. Februar. Sie freut sich ganz besonders die Mitglieder vor Ort zu begr\u00fcssen. Die letzte physische Generalversammlung fand im 2020 statt.<\/p>\n<p style=\"text-align: justify\">63 Mitglieder davon 4 Ehrenmitglieder nahmen an der diesj\u00e4hrigen Versammlung teil. Drei Vorstandsmitglieder demissionierten und wurden herzlich verdankt von der Pr\u00e4sidentin. Andrea Wicki war 12 Jahre im Vorstand t\u00e4tig, ihr wurde die Ehrenmitgliedschaft erteilt. Es konnten zwei neue Vorstandsmitglieder begr\u00fcsst werden. Es sind dies Corina Brunner als Kassier und Celine Felder f\u00fcr den Beisitz\/ Homepageverwaltung. Danke f\u00fcr Eure Bereitschaft den Verein zu unterst\u00fctzen.<\/p>\n<p style=\"text-align: justify\">Der aktuelle Mitgliederbestand betr\u00e4gt neu 74 Mitglieder. Erfreulicherweise k\u00f6nnen wir seit 2021 sieben neue Mitglieder in unserem Verein begr\u00fcssen. Christine Laubacher und Marie-Theres Burkard wurden f\u00fcr 10 Jahre Vereinst\u00e4tigkeit geehrt. Im letzten Jahr wurde unser Ehrenmitglied Anneliese K\u00fcnzli f\u00fcr 30 Jahre Mitgliedschaft geehrt. Als nun Abtretende Leiterin wurde Anneliese K\u00fcnzli f\u00fcr 27 Leiterjahre geb\u00fchrend verdankt.<\/p>\n<p style=\"text-align: justify\">Rosmarie Renggli brachte mit einem lustigen R\u00fcckblick zu ehren von Anneliese, die Versammlung zum Lachen. Technische Leiterin Franziska Imgr\u00fct erw\u00e4hnte, dass eine neue Leiterin f\u00fcr unser Turnangebot Fit ins Alter gesucht wird.<\/p>\n<p style=\"text-align: justify\">F\u00fcr das Elki Turnen in Auw suchen wir eine neue Leiterin ab Herbst 2023.<\/p>\n<p style=\"text-align: justify\">Die n\u00e4chste Generalversammlung findet am 23. Februar 2024 statt. Die GV wurde traditionell mit dem Lied \u00abech weiss es D\u00f6rfli\u00bb beendet.<\/p>\n<\/div>\n<\/div>\n<div class=\"et_pb_module et_pb_gallery et_pb_gallery_0 et_pb_bg_layout_light  et_pb_gallery_grid\">\n<div class=\"et_pb_gallery_items et_post_gallery clearfix\" data-per_page=\"4\">\n<div class=\"et_pb_gallery_item et_pb_grid_item et_pb_bg_layout_light\"><\/div>\n<\/div>\n<\/div>\n<p>[\/et_pb_text][et_pb_gallery gallery_ids=&#187;1067,1065,1064,1063,1062,1061,1060,1059,1057,1056,1055,1049,1050,1051,1052,1053,1054,1048,1047,1046&#8243; posts_number=&#187;100&#8243; show_title_and_caption=&#187;off&#187; _builder_version=&#187;3.19.18&#8243; caption_font=&#187;||||||||&#187;][\/et_pb_gallery][\/et_pb_column][\/et_pb_row][\/et_pb_section]<\/p>\n","protected":false},"excerpt":{"rendered":"<p>Generalversammlung der Damenriege BliibFit Auw Nach einem sehr feinen Znacht im Restaurant Hirschen Auw, er\u00f6ffnete die Pr\u00e4sidentin Evelyne K\u00f6lsch die 66. Generalversammlung der Damenriege BliibFit am Freitag 24. Februar. Sie freut sich ganz besonders die Mitglieder vor Ort zu begr\u00fcssen. Die letzte physische Generalversammlung fand im 2020 statt. 63 Mitglieder davon 4 Ehrenmitglieder nahmen an [&hellip;]<\/p>\n","protected":false},"author":14,"featured_media":1067,"comment_status":"closed","ping_status":"closed","sticky":false,"template":"","format":"standard","meta":{"_et_pb_use_builder":"on","_et_pb_old_content":"","_et_gb_content_width":"","footnotes":""},"categories":[54],"tags":[],"class_list":["post-1104","post","type-post","status-publish","format-standard","has-post-thumbnail","hentry","category-54"],"_links":{"self":[{"href":"https:\/\/stvauw.ch\/dr\/wp-json\/wp\/v2\/posts\/1104","targetHints":{"allow":["GET"]}}],"collection":[{"href":"https:\/\/stvauw.ch\/dr\/wp-json\/wp\/v2\/posts"}],"about":[{"href":"https:\/\/stvauw.ch\/dr\/wp-json\/wp\/v2\/types\/post"}],"author":[{"embeddable":true,"href":"https:\/\/stvauw.ch\/dr\/wp-json\/wp\/v2\/users\/14"}],"replies":[{"embeddable":true,"href":"https:\/\/stvauw.ch\/dr\/wp-json\/wp\/v2\/comments?post=1104"}],"version-history":[{"count":10,"href":"https:\/\/stvauw.ch\/dr\/wp-json\/wp\/v2\/posts\/1104\/revisions"}],"predecessor-version":[{"id":1116,"href":"https:\/\/stvauw.ch\/dr\/wp-json\/wp\/v2\/posts\/1104\/revisions\/1116"}],"wp:featuredmedia":[{"embeddable":true,"href":"https:\/\/stvauw.ch\/dr\/wp-json\/wp\/v2\/media\/1067"}],"wp:attachment":[{"href":"https:\/\/stvauw.ch\/dr\/wp-json\/wp\/v2\/media?parent=1104"}],"wp:term":[{"taxonomy":"category","embeddable":true,"href":"https:\/\/stvauw.ch\/dr\/wp-json\/wp\/v2\/categories?post=1104"},{"taxonomy":"post_tag","embeddable":true,"href":"https:\/\/stvauw.ch\/dr\/wp-json\/wp\/v2\/tags?post=1104"}],"curies":[{"name":"wp","href":"https:\/\/api.w.org\/{rel}","templated":true}]}}