{"id":295,"date":"2019-02-22T19:36:51","date_gmt":"2019-02-22T18:36:51","guid":{"rendered":"http:\/\/wp.stvauw.ch\/dr\/?p=295"},"modified":"2021-11-04T13:12:50","modified_gmt":"2021-11-04T12:12:50","slug":"generalversammlung-2019","status":"publish","type":"post","link":"https:\/\/stvauw.ch\/dr\/2019\/02\/22\/generalversammlung-2019\/","title":{"rendered":"Generalversammlung 2019"},"content":{"rendered":"\n\n[et_pb_section fb_built=&#187;1&#8243; _builder_version=&#187;3.19.18&#8243; custom_padding=&#187;0|0px|54px|0px|false|false&#187;][et_pb_row _builder_version=&#187;3.19.18&#8243;][et_pb_column type=&#187;4_4&#8243; _builder_version=&#187;3.19.18&#8243;][et_pb_text _builder_version=&#187;3.19.18&#8243;]<p>Neue Vorstandsmitglieder in der Damenriege BliibFit Auw<\/p>\n<p>Am Freitag 22.2.2019 fand die 62. Generalversammlung der Damenriege BliibFit im Rest. Hirschen Auw statt.<br \/>Die Pr\u00e4sidentin Evelyne K\u00f6lsch durfte 52 Mitglieder begr\u00fcssen. Leider hatten einige noch kurzfristig wegen Krankheit absagen m\u00fcssen.<br \/>Nach der Begr\u00fcssung gedachte die Versammlung dem verstorbenen Mitglied und ehemaligen Fahnengotte Ida Burkard. <br \/>Die Damenriege hatte auf diese GV vier Austritte zu verzeichnen, alle wegen Wegzug aus Auw. Erfreulicherweise haben wir dem neun Neueintritte entgegenzusetzen. Wir freuen uns \u00fcber das Interesse an unserem Verein und die vielen jungen Frauen, die Freude am Sport und dem geselligen Vereinsleben zeigen. Unser Verein hat neu eine stolze Mitgliederzahl von 76 Sportlerinnen.<br \/>Andrea Wicki pr\u00e4sentierte uns anhand einer unterhaltsamen Diashow unseren Jahresr\u00fcckblick. Speziell zu erw\u00e4hnen war, dass wir bei all unseren Unternehmungen super Wettergl\u00fcck hatten. <br \/>Sei es bei der Schneeschuhtour auf der Melchsee Frutt, dem Sommerh\u00f6ck in der Waldh\u00fctte Auw oder der 2- t\u00e4gigen 4-Seen Wanderung, immer schien die Sonne. Passend zum Adventsspaziergang ins Restaurant Kaufmann in Alikon, schneite es leicht und versetzte uns in winterliche Stimmung. <br \/>Hanna Gehrig gab uns einen spannenden R\u00fcckblick \u00fcber das letztj\u00e4hrige Theater, welches in jeder Hinsicht ein Erfolg war. Es wurde nochmals ein grosser Dank an alle Spieler\/-innen und Helferinnen ausgesprochen.<br \/>Die vier Turnangebote der Damenriege werden rege besucht und gleich weitergef\u00fchrt. <br \/>Das Leiterteam gestaltet ein abwechslungsreiches Turnen und wurde f\u00fcr ihre Arbeit verdankt.<br \/>Leider hatte die Damenriege dieses Jahr zwei Demissionen zu verzeichnen. Die langj\u00e4hrige Aktuarin Astrid Stecher trat zur\u00fcck und gab ihr Amt an zwei junge Frauen, Mariana Baumann und Karin Zeder weiter. Wir w\u00fcnschen Ihnen viel Freude an ihrer neuen Aufgabe.<br \/>Auch trat die Revisorin Eliane Probst zur\u00fcck, sie wird durch Katja Zimmermann ersetzt, die sich spontan zur Verf\u00fcgung stellte.<br \/>Der restliche Vorstand wurde durch die Tagespr\u00e4sidentin Hanna Gehrig unver\u00e4ndert wiedergew\u00e4hlt.<br \/>Der Verein durfte mehrere Ehrungen vornehmen. Es waren dies f\u00fcr 10 Jahre Mitgliedschaft Ruth Villiger und Andrea B\u00fctler. Ganze 20 Jahre dem Verein treu ist Annelise B\u00fctler. <br \/>F\u00fcr 10 Jahre Leitert\u00e4tigkeit wurden Astrid Stecher und Andrea B\u00fctler geehrt, sowie f\u00fcr 10 Jahre technische Leitung im Vorstand und als Hauptleiterin durfte Evelyne K\u00f6lsch Blumen entgegennehmen.<br \/>Wir hoffen in den n\u00e4chsten Jahren junge Mitglieder f\u00fcr die Aufgaben im Vorstand und als Leiterinnen begeistern zu k\u00f6nnen.<br \/>Kerstin Lang stellte uns ihr Projekt \u00abneue Vereinsjacke\u00bb vor, welches die Versammlung zur Ausarbeitung annahm. Es wird also bald vorgestellt, wie unser Ten\u00fc f\u00fcr die Zukunft aussehen k\u00f6nnte.<br \/>Die Pr\u00e4sidentin dankte allen Mitgliedern f\u00fcr ihre rege Teilnahme an den Turnstunden und f\u00fcr ihr Engagement im Verein. <br \/>Zum Schluss schlossen wir die Versammlung mit dem Auwer Lied ab und konnten abschliessend das neue Fotoalbum bestaunen.<br \/>F\u00fcr den Bericht A. Stecher<\/p>[\/et_pb_text][et_pb_gallery gallery_ids=&#187;315,314,313,312,311,310,309,308,307,306,305,304,303,302,301,300&#8243; show_title_and_caption=&#187;off&#187; _builder_version=&#187;3.19.18&#8243;][\/et_pb_gallery][\/et_pb_column][\/et_pb_row][\/et_pb_section]\n\n","protected":false},"excerpt":{"rendered":"<p>Neue Vorstandsmitglieder in der Damenriege BliibFit Auw Am Freitag 22.2.2019 fand die 62. Generalversammlung der Damenriege BliibFit im Rest. Hirschen Auw statt.Die Pr\u00e4sidentin Evelyne K\u00f6lsch durfte 52 Mitglieder begr\u00fcssen. Leider hatten einige noch kurzfristig wegen Krankheit absagen m\u00fcssen.Nach der Begr\u00fcssung gedachte die Versammlung dem verstorbenen Mitglied und ehemaligen Fahnengotte Ida Burkard. Die Damenriege hatte auf [&hellip;]<\/p>\n","protected":false},"author":4,"featured_media":279,"comment_status":"closed","ping_status":"closed","sticky":false,"template":"","format":"standard","meta":{"_et_pb_use_builder":"on","_et_pb_old_content":"","_et_gb_content_width":"","footnotes":""},"categories":[33],"tags":[],"class_list":["post-295","post","type-post","status-publish","format-standard","has-post-thumbnail","hentry","category-33"],"_links":{"self":[{"href":"https:\/\/stvauw.ch\/dr\/wp-json\/wp\/v2\/posts\/295","targetHints":{"allow":["GET"]}}],"collection":[{"href":"https:\/\/stvauw.ch\/dr\/wp-json\/wp\/v2\/posts"}],"about":[{"href":"https:\/\/stvauw.ch\/dr\/wp-json\/wp\/v2\/types\/post"}],"author":[{"embeddable":true,"href":"https:\/\/stvauw.ch\/dr\/wp-json\/wp\/v2\/users\/4"}],"replies":[{"embeddable":true,"href":"https:\/\/stvauw.ch\/dr\/wp-json\/wp\/v2\/comments?post=295"}],"version-history":[{"count":6,"href":"https:\/\/stvauw.ch\/dr\/wp-json\/wp\/v2\/posts\/295\/revisions"}],"predecessor-version":[{"id":575,"href":"https:\/\/stvauw.ch\/dr\/wp-json\/wp\/v2\/posts\/295\/revisions\/575"}],"wp:featuredmedia":[{"embeddable":true,"href":"https:\/\/stvauw.ch\/dr\/wp-json\/wp\/v2\/media\/279"}],"wp:attachment":[{"href":"https:\/\/stvauw.ch\/dr\/wp-json\/wp\/v2\/media?parent=295"}],"wp:term":[{"taxonomy":"category","embeddable":true,"href":"https:\/\/stvauw.ch\/dr\/wp-json\/wp\/v2\/categories?post=295"},{"taxonomy":"post_tag","embeddable":true,"href":"https:\/\/stvauw.ch\/dr\/wp-json\/wp\/v2\/tags?post=295"}],"curies":[{"name":"wp","href":"https:\/\/api.w.org\/{rel}","templated":true}]}}