{"id":454,"date":"2019-07-01T20:35:40","date_gmt":"2019-07-01T18:35:40","guid":{"rendered":"https:\/\/stvauw.ch\/dr\/?p=454"},"modified":"2019-07-01T21:19:01","modified_gmt":"2019-07-01T19:19:01","slug":"elki-rueckblick-2018-19","status":"publish","type":"post","link":"https:\/\/stvauw.ch\/dr\/2019\/07\/01\/elki-rueckblick-2018-19\/","title":{"rendered":"Elki R\u00fcckblick 2018\/19"},"content":{"rendered":"\n\n\n[et_pb_section admin_label=&#187;section&#187;]\n\t\t[et_pb_row admin_label=&#187;row&#187;]\n\t\t\t[et_pb_column type=&#187;4_4&#8243;][et_pb_text admin_label=&#187;Text&#187;][\/et_pb_text][\/et_pb_column]\n\t\t[\/et_pb_row]\n\t[\/et_pb_section]\n\n\n\n\n\n<h2 class=\"wp-block-heading\">Das send d Lieder wo \u00fcsi Tier singed, de B\u00e4r macht brumm, brumm, brumm&#8230; <\/h2>\n\n\n\n<p>Mit diesem Anfangslied haben wir jeweils unsere Elki Turnstunden begonnen. Seit Beginn der Fr\u00fchlingsferien geh\u00f6rt das Turnen schon wieder der Vergangenheit an. Mit unserem Saisonmotto, Zootiere, konnten wir Gross und Klein in der Turnhalle Auw zur Bewegung motivieren. Die Kinder waren vor jeder Elkistunde gespannt, welches Tier uns durch die Bewegungsstunde  begleiten wird.<\/p>\n\n\n\n<p>Die zweite Vakilektion fand an einem Sonntag Morgen im M\u00e4rz statt. Die Kinder konnten es kaum erwarten, mit ihren V\u00e4tern in die Turnhalle zu kommen. Die Vakistunden waren immer sehr gut besucht und wurden von jung und alt gesch\u00e4tzt. Mit dem neuen Schwungtuch haben die Papis und Kinder die Halle zum beben gebracht, ein riesen Gaudi.<\/p>\n\n\n\n<p>In der letzten Turnstunde haben wir das Thema Sinnesorgane aufgegriffen. Wir stellten einen Parcours im Kreis verlaufend auf. Ausserhalb des Kreises standen f\u00fcnf Posten bereit. Jedem Posten wurde eine Farbe und ein Sinnesorgan zugeordnet. Mit einem Farbw\u00fcrfel wurde bestimmt, bei welchem Posten der Parcours unterbrochen wurde, um einen Sinnesposten zu besuchen. Beim Geschmackssinn durften sich die Kinder mit geschlossenen Augen f\u00fcttern lassen. Vorallem die Leckereien fanden grossen Anklang. Ein Ger\u00e4uschmemory testete den Geh\u00f6rsinn der Kinder und Eltern. Dies war nicht die erste Sinneslektion und wurde auf Wunsch vieler, nochmals in einer Anderen Form angeboten. Nach dem Schmaus in der Halle, gingen wir zum obligaten Kaffee und Kuchen im Foyer \u00fcber. Herzlichen Dank den B\u00e4ckerinnen f\u00fcr den feinen Kuchen. Die Leiterinnen Andrea Schmid und Karin Zeder blicken auf eine unfallfreie und spannende Elkisaison zur\u00fcck. Die Saison 2019\/20 startet nach den Herbstferien und dauert bis zu den Fr\u00fchlingsferien. Begr\u00fcsst werden Kinder ab 2.5 Jahren bis Kindergartenbeginn mit einem Elternteil. Das Turnen findet jeden Montag morgen um 9.00 Uhr in der Turnhalle Auw statt. <\/p>\n\n\n\n<p>Andrea und Karin freuen sich auf eine weitere spannende Elkisaison mit zahlreichem Kinderlachen.<\/p>\n\n\n\n<p><\/p>\n","protected":false},"excerpt":{"rendered":"<p>Das send d Lieder wo \u00fcsi Tier singed, de B\u00e4r macht brumm, brumm, brumm&#8230; Mit diesem Anfangslied haben wir jeweils unsere Elki Turnstunden begonnen. Seit Beginn der Fr\u00fchlingsferien geh\u00f6rt das Turnen schon wieder der Vergangenheit an. Mit unserem Saisonmotto, Zootiere, konnten wir Gross und Klein in der Turnhalle Auw zur Bewegung motivieren. Die Kinder waren [&hellip;]<\/p>\n","protected":false},"author":5,"featured_media":447,"comment_status":"closed","ping_status":"closed","sticky":true,"template":"","format":"standard","meta":{"_et_pb_use_builder":"on","_et_pb_old_content":"<!-- wp:divi\/placeholder \/-->","_et_gb_content_width":"","footnotes":""},"categories":[6],"tags":[],"class_list":["post-454","post","type-post","status-publish","format-standard","has-post-thumbnail","hentry","category-elki"],"_links":{"self":[{"href":"https:\/\/stvauw.ch\/dr\/wp-json\/wp\/v2\/posts\/454","targetHints":{"allow":["GET"]}}],"collection":[{"href":"https:\/\/stvauw.ch\/dr\/wp-json\/wp\/v2\/posts"}],"about":[{"href":"https:\/\/stvauw.ch\/dr\/wp-json\/wp\/v2\/types\/post"}],"author":[{"embeddable":true,"href":"https:\/\/stvauw.ch\/dr\/wp-json\/wp\/v2\/users\/5"}],"replies":[{"embeddable":true,"href":"https:\/\/stvauw.ch\/dr\/wp-json\/wp\/v2\/comments?post=454"}],"version-history":[{"count":4,"href":"https:\/\/stvauw.ch\/dr\/wp-json\/wp\/v2\/posts\/454\/revisions"}],"predecessor-version":[{"id":464,"href":"https:\/\/stvauw.ch\/dr\/wp-json\/wp\/v2\/posts\/454\/revisions\/464"}],"wp:featuredmedia":[{"embeddable":true,"href":"https:\/\/stvauw.ch\/dr\/wp-json\/wp\/v2\/media\/447"}],"wp:attachment":[{"href":"https:\/\/stvauw.ch\/dr\/wp-json\/wp\/v2\/media?parent=454"}],"wp:term":[{"taxonomy":"category","embeddable":true,"href":"https:\/\/stvauw.ch\/dr\/wp-json\/wp\/v2\/categories?post=454"},{"taxonomy":"post_tag","embeddable":true,"href":"https:\/\/stvauw.ch\/dr\/wp-json\/wp\/v2\/tags?post=454"}],"curies":[{"name":"wp","href":"https:\/\/api.w.org\/{rel}","templated":true}]}}