{"id":521,"date":"2019-10-09T20:49:36","date_gmt":"2019-10-09T18:49:36","guid":{"rendered":"https:\/\/stvauw.ch\/dr\/?p=521"},"modified":"2021-11-04T13:11:58","modified_gmt":"2021-11-04T12:11:58","slug":"vereinsreise-2019","status":"publish","type":"post","link":"https:\/\/stvauw.ch\/dr\/2019\/10\/09\/vereinsreise-2019\/","title":{"rendered":"Vereinsreise 2019"},"content":{"rendered":"<p>[et_pb_section fb_built=&#187;1&#8243; _builder_version=&#187;3.19.18&#8243;][et_pb_row custom_padding=&#187;27px|0px|27px|0px|false|false&#187; _builder_version=&#187;3.19.18&#8243;][et_pb_column type=&#187;4_4&#8243; _builder_version=&#187;3.19.18&#8243;][et_pb_text _builder_version=&#187;3.19.18&#8243;]<\/p>\n<p style=\"text-align: justify\"><span>Unsere diesj\u00e4hrige Vereinsreise f\u00fchrte uns am Sonntag 1. September nach Sempach. Nach dem obligaten Kaffeehalt im Restaurant zur Schlacht, ging es auf direktem Weg nach Sempach zum Seevogtei Parkplatz. Von da aus marschierten wir zur Vogelwarte. Die Ausstellung vermittelte uns vielf\u00e4ltige Informationen zur Vogelwelt und zu der Arbeit der Vogelwarte. Durch die interaktive Erlebnisausstellung konnten wir in verschiedene Themen eintauchen. Zum Ende des Rundgangs konnten wir mit Hilfe eines Ringsystems, einer Vogelart zugeordnet werden. Die Auswertungen waren teilweise sehr am\u00fcsant. Nach dem zweist\u00fcndigen Aufenthalt in der faszinierenden Vogelwelt, st\u00e4rkten wir uns im Sempacherst\u00e4dtli. Der Gaumenschmaus war hervorragend. Gest\u00e4rkt mit feiner Pizza im Magen, wurden wir von Herrn Hausheer durch das wundersch\u00f6ne, historische St\u00e4dtli gef\u00fchrt. Bei der Stadtf\u00fchrung wurden uns viele interessante Informationen und Anekdoten mitgeteilt. Der urspr\u00fcnglich, mittelalterliche St\u00e4dtchencharakter hat uns sehr beeindruckt. Es h\u00e4tte noch so einiges zu sehen gegeben. Beim gem\u00fctlichen Abschlusskaffee, konnten wir die F\u00fchrung Revue passieren lassen. Gegen 17.30 Uhr machten sich alle Frauen wieder auf den Heimweg. Herzlichen Dank an Evelyne f\u00fcr die Organisation der Reise.<\/span><\/p>\n<p>[\/et_pb_text][et_pb_gallery gallery_ids=&#187;584,587,591,589,593,586,590,585,588&#8243; show_title_and_caption=&#187;off&#187; _builder_version=&#187;3.19.18&#8243; caption_font=&#187;||||||||&#187;][\/et_pb_gallery][\/et_pb_column][\/et_pb_row][\/et_pb_section]<\/p>\n","protected":false},"excerpt":{"rendered":"<p>Unsere diesj\u00e4hrige Vereinsreise f\u00fchrte uns am Sonntag 1. September nach Sempach. Nach dem obligaten Kaffeehalt im Restaurant zur Schlacht, ging es auf direktem Weg nach Sempach zum Seevogtei Parkplatz. Von da aus marschierten wir zur Vogelwarte. Die Ausstellung vermittelte uns vielf\u00e4ltige Informationen zur Vogelwelt und zu der Arbeit der Vogelwarte. Durch die interaktive Erlebnisausstellung konnten [&hellip;]<\/p>\n","protected":false},"author":5,"featured_media":580,"comment_status":"closed","ping_status":"closed","sticky":false,"template":"","format":"standard","meta":{"_et_pb_use_builder":"on","_et_pb_old_content":"","_et_gb_content_width":"","footnotes":""},"categories":[33],"tags":[],"class_list":["post-521","post","type-post","status-publish","format-standard","has-post-thumbnail","hentry","category-33"],"_links":{"self":[{"href":"https:\/\/stvauw.ch\/dr\/wp-json\/wp\/v2\/posts\/521","targetHints":{"allow":["GET"]}}],"collection":[{"href":"https:\/\/stvauw.ch\/dr\/wp-json\/wp\/v2\/posts"}],"about":[{"href":"https:\/\/stvauw.ch\/dr\/wp-json\/wp\/v2\/types\/post"}],"author":[{"embeddable":true,"href":"https:\/\/stvauw.ch\/dr\/wp-json\/wp\/v2\/users\/5"}],"replies":[{"embeddable":true,"href":"https:\/\/stvauw.ch\/dr\/wp-json\/wp\/v2\/comments?post=521"}],"version-history":[{"count":6,"href":"https:\/\/stvauw.ch\/dr\/wp-json\/wp\/v2\/posts\/521\/revisions"}],"predecessor-version":[{"id":748,"href":"https:\/\/stvauw.ch\/dr\/wp-json\/wp\/v2\/posts\/521\/revisions\/748"}],"wp:featuredmedia":[{"embeddable":true,"href":"https:\/\/stvauw.ch\/dr\/wp-json\/wp\/v2\/media\/580"}],"wp:attachment":[{"href":"https:\/\/stvauw.ch\/dr\/wp-json\/wp\/v2\/media?parent=521"}],"wp:term":[{"taxonomy":"category","embeddable":true,"href":"https:\/\/stvauw.ch\/dr\/wp-json\/wp\/v2\/categories?post=521"},{"taxonomy":"post_tag","embeddable":true,"href":"https:\/\/stvauw.ch\/dr\/wp-json\/wp\/v2\/tags?post=521"}],"curies":[{"name":"wp","href":"https:\/\/api.w.org\/{rel}","templated":true}]}}