{"id":614,"date":"2020-05-03T13:43:00","date_gmt":"2020-05-03T11:43:00","guid":{"rendered":"https:\/\/stvauw.ch\/dr\/?p=614"},"modified":"2020-05-03T13:58:31","modified_gmt":"2020-05-03T11:58:31","slug":"generalversammlung-2020","status":"publish","type":"post","link":"https:\/\/stvauw.ch\/dr\/2020\/05\/03\/generalversammlung-2020\/","title":{"rendered":"Generalversammlung 2020"},"content":{"rendered":"<p>[et_pb_section fb_built=&#187;1&#8243; _builder_version=&#187;3.19.18&#8243; custom_padding=&#187;0|0px|54px|0px|false|false&#187;][et_pb_row _builder_version=&#187;3.19.18&#8243;][et_pb_column type=&#187;4_4&#8243; _builder_version=&#187;3.19.18&#8243;][et_pb_text _builder_version=&#187;3.19.18&#8243;]<\/p>\n<p>Am Freitag 28. Februar 2020 starteten wir p\u00fcnktlich um 20.30 Uhr mit unserer GV im Restaurant Hirschen in Auw, nach einem feinen Abendessen. Die Pr\u00e4sidentin Evelyne K\u00f6lsch begr\u00fcsste die Versammlung mit<br \/>\n57 Mitgliedern davon waren 4 Ehrenmitglieder anwesend. Dieses Jahr standen 2 Austritte 3<br \/>\nEintritten gegen\u00fcber, somit ist unser Verein auf 77 Mitglieder gewachsen. Drei Jubilarinnen wurden<br \/>\nzu ihrer 10-j\u00e4hrigen Mitgliedschaft mit einem Blumenstrauss beschenkt.<br \/>\nNach einem sehr unterhaltsamen Jahresr\u00fcckblick mit Fotos, konnten wir die GV z\u00fcgig weiterf\u00fchren.<br \/>\nDer Budgetplan 2020 wurde ohne Gegenstimmen genehmigt. Der neuen Vereinsbekleidung steht<br \/>\ndemnach nichts mehr im Weg, diese konnte nach der GV gleich anprobiert und bestellt werden. Wir<br \/>\nhaben uns diesbez\u00fcglich an unserem Stammverein orientiert und werden k\u00fcnftig unseren Verein in<br \/>\nrot \/weiss \/schwarz repr\u00e4sentieren.<br \/>\nDie Versammlung wurde nach knapp einer Stunde beendet, um mit einem feinen Dessert<br \/>\nund Kaffee den Abend ausklingen zu lassen.<br \/>\nF\u00fcr die Damenriege Bliib fit, die Aktuarin Karin Zeder<\/p>\n<p>[\/et_pb_text][et_pb_gallery gallery_ids=&#187;613&#8243; show_title_and_caption=&#187;off&#187; _builder_version=&#187;3.19.18&#8243;][\/et_pb_gallery][\/et_pb_column][\/et_pb_row][\/et_pb_section]<\/p>\n","protected":false},"excerpt":{"rendered":"<p>Am Freitag 28. Februar 2020 starteten wir p\u00fcnktlich um 20.30 Uhr mit unserer GV im Restaurant Hirschen in Auw, nach einem feinen Abendessen. Die Pr\u00e4sidentin Evelyne K\u00f6lsch begr\u00fcsste die Versammlung mit 57 Mitgliedern davon waren 4 Ehrenmitglieder anwesend. Dieses Jahr standen 2 Austritte 3 Eintritten gegen\u00fcber, somit ist unser Verein auf 77 Mitglieder gewachsen. Drei [&hellip;]<\/p>\n","protected":false},"author":5,"featured_media":613,"comment_status":"closed","ping_status":"closed","sticky":false,"template":"","format":"standard","meta":{"_et_pb_use_builder":"on","_et_pb_old_content":"","_et_gb_content_width":"","footnotes":""},"categories":[29],"tags":[],"class_list":["post-614","post","type-post","status-publish","format-standard","has-post-thumbnail","hentry","category-29"],"_links":{"self":[{"href":"https:\/\/stvauw.ch\/dr\/wp-json\/wp\/v2\/posts\/614","targetHints":{"allow":["GET"]}}],"collection":[{"href":"https:\/\/stvauw.ch\/dr\/wp-json\/wp\/v2\/posts"}],"about":[{"href":"https:\/\/stvauw.ch\/dr\/wp-json\/wp\/v2\/types\/post"}],"author":[{"embeddable":true,"href":"https:\/\/stvauw.ch\/dr\/wp-json\/wp\/v2\/users\/5"}],"replies":[{"embeddable":true,"href":"https:\/\/stvauw.ch\/dr\/wp-json\/wp\/v2\/comments?post=614"}],"version-history":[{"count":4,"href":"https:\/\/stvauw.ch\/dr\/wp-json\/wp\/v2\/posts\/614\/revisions"}],"predecessor-version":[{"id":620,"href":"https:\/\/stvauw.ch\/dr\/wp-json\/wp\/v2\/posts\/614\/revisions\/620"}],"wp:featuredmedia":[{"embeddable":true,"href":"https:\/\/stvauw.ch\/dr\/wp-json\/wp\/v2\/media\/613"}],"wp:attachment":[{"href":"https:\/\/stvauw.ch\/dr\/wp-json\/wp\/v2\/media?parent=614"}],"wp:term":[{"taxonomy":"category","embeddable":true,"href":"https:\/\/stvauw.ch\/dr\/wp-json\/wp\/v2\/categories?post=614"},{"taxonomy":"post_tag","embeddable":true,"href":"https:\/\/stvauw.ch\/dr\/wp-json\/wp\/v2\/tags?post=614"}],"curies":[{"name":"wp","href":"https:\/\/api.w.org\/{rel}","templated":true}]}}