{"id":743,"date":"2021-09-03T10:29:00","date_gmt":"2021-09-03T08:29:00","guid":{"rendered":"https:\/\/stvauw.ch\/dr\/?p=743"},"modified":"2021-11-14T15:02:18","modified_gmt":"2021-11-14T14:02:18","slug":"vereinsreise-2021","status":"publish","type":"post","link":"https:\/\/stvauw.ch\/dr\/2021\/09\/03\/vereinsreise-2021\/","title":{"rendered":"Vereinsreise 2021"},"content":{"rendered":"[et_pb_section fb_built=&#187;1&#8243; _builder_version=&#187;3.19.18&#8243; custom_padding=&#187;0|0px|54px|0px|false|false&#187;][et_pb_row _builder_version=&#187;3.19.18&#8243;][et_pb_column type=&#187;4_4&#8243; _builder_version=&#187;3.19.18&#8243;][et_pb_post_title meta=&#187;off&#187; max_width=&#187;45%&#187; _builder_version=&#187;3.19.18&#8243;][\/et_pb_post_title][et_pb_text _builder_version=&#187;3.19.18&#8243;]<p><\/p>\n<p>Unsere diesj\u00e4hrige Vereinsreise f\u00fchrte uns am 4. September nach Willisau mit dem Zug. Nach einem feinen Kaffee und Gipfeli, holten wir unsere Flyer bei der E-Bike Vermietung in der N\u00e4he des Bahnhofs ab.<\/p>\n<p> <\/p>\n<p>Bei sch\u00f6nstem Wetter und vollgeladenen Akkus machten wir uns auf den Weg in Richtung Neuenkirch. Viele Wege f\u00fchren zum Hofbeizli Chuer\u00fcti! In Neuenkirch angekommen, erwartete uns ein super feines Mittagessen welches mit viel Liebe und Herzblut serviert wurde. Dieses sehr gem\u00fctlich gelegene Hofbeizli lud zum Verweilen ein. Die n\u00e4chste Etappe f\u00fchrte uns nach Sempach, dann weiter nach Eschenbach und H\u00fcnenberg. In H\u00fcnenberg l\u00f6schten wir unseren Durst in einem B\u00e4sebeizli, welches auf dem Weg lag. Von da aus nahmen wir die letzte Strecke nach H\u00fcnenberg Zythus in Angriff. Nach dem die Flyers parkiert und abgegeben waren, hatten wir noch ein kurzes Zeitfenster offen f\u00fcr ein K\u00e4ffeli bevor der Zug uns wieder nach Sins brachte.\u00a0 Die Streckendistanz betrug in etwa 71 km davon waren ca. 11 km auf Naturbelag. Die H\u00f6hendifferenz von 660m haben wir mit Bravour gemeistert. Insgesamt waren wir gut 5 Stunden unterwegs mit den gemieteten Flyer E-Bikes.<\/p>\n<p> <\/p>\n<p>Die Reise wird uns noch lange in lustiger Erinnerung bleiben.<\/p>\n<p><\/p>\n[\/et_pb_text][\/et_pb_column][\/et_pb_row][\/et_pb_section]","protected":false},"excerpt":{"rendered":"<p>Unsere diesj\u00e4hrige Vereinsreise f\u00fchrte uns am 4. September nach Willisau mit dem Zug. Nach einem feinen Kaffee und Gipfeli, holten wir unsere Flyer bei der E-Bike Vermietung in der N\u00e4he des Bahnhofs ab. Bei sch\u00f6nstem Wetter und vollgeladenen Akkus machten wir uns auf den Weg in Richtung Neuenkirch. Viele Wege f\u00fchren zum Hofbeizli Chuer\u00fcti! In [&hellip;]<\/p>\n","protected":false},"author":5,"featured_media":735,"comment_status":"closed","ping_status":"closed","sticky":false,"template":"","format":"standard","meta":{"_et_pb_use_builder":"on","_et_pb_old_content":"","_et_gb_content_width":"","footnotes":""},"categories":[32],"tags":[],"class_list":["post-743","post","type-post","status-publish","format-standard","has-post-thumbnail","hentry","category-2021-2"],"_links":{"self":[{"href":"https:\/\/stvauw.ch\/dr\/wp-json\/wp\/v2\/posts\/743","targetHints":{"allow":["GET"]}}],"collection":[{"href":"https:\/\/stvauw.ch\/dr\/wp-json\/wp\/v2\/posts"}],"about":[{"href":"https:\/\/stvauw.ch\/dr\/wp-json\/wp\/v2\/types\/post"}],"author":[{"embeddable":true,"href":"https:\/\/stvauw.ch\/dr\/wp-json\/wp\/v2\/users\/5"}],"replies":[{"embeddable":true,"href":"https:\/\/stvauw.ch\/dr\/wp-json\/wp\/v2\/comments?post=743"}],"version-history":[{"count":8,"href":"https:\/\/stvauw.ch\/dr\/wp-json\/wp\/v2\/posts\/743\/revisions"}],"predecessor-version":[{"id":759,"href":"https:\/\/stvauw.ch\/dr\/wp-json\/wp\/v2\/posts\/743\/revisions\/759"}],"wp:featuredmedia":[{"embeddable":true,"href":"https:\/\/stvauw.ch\/dr\/wp-json\/wp\/v2\/media\/735"}],"wp:attachment":[{"href":"https:\/\/stvauw.ch\/dr\/wp-json\/wp\/v2\/media?parent=743"}],"wp:term":[{"taxonomy":"category","embeddable":true,"href":"https:\/\/stvauw.ch\/dr\/wp-json\/wp\/v2\/categories?post=743"},{"taxonomy":"post_tag","embeddable":true,"href":"https:\/\/stvauw.ch\/dr\/wp-json\/wp\/v2\/tags?post=743"}],"curies":[{"name":"wp","href":"https:\/\/api.w.org\/{rel}","templated":true}]}}